{"id":2000,"date":"2026-05-02T07:50:39","date_gmt":"2026-05-02T05:50:39","guid":{"rendered":"https:\/\/zestebrno.cz\/?p=2000"},"modified":"2026-05-02T07:53:19","modified_gmt":"2026-05-02T05:53:19","slug":"soutez-v-patek","status":"publish","type":"post","link":"https:\/\/zestebrno.cz\/?p=2000","title":{"rendered":"Sout\u011b\u017e v p\u00e1tek"},"content":{"rendered":"\n<p><img loading=\"lazy\" decoding=\"async\" height=\"16\" width=\"16\" src=\"https:\/\/static.xx.fbcdn.net\/images\/emoji.php\/v9\/tca\/1\/16\/1f3ba.png\" alt=\"\ud83c\udfba\"><img loading=\"lazy\" decoding=\"async\" height=\"16\" width=\"16\" src=\"https:\/\/static.xx.fbcdn.net\/images\/emoji.php\/v9\/t6d\/1\/16\/1f4ef.png\" alt=\"\ud83d\udcef\"> V p\u00e1tek sout\u011b\u017eilo naplno u\u017e v\u0161ech 5 sout\u011b\u017en\u00edch obor\u016f. Konzervato\u0159 Brno praskala ve \u0161vech <img loading=\"lazy\" decoding=\"async\" height=\"16\" width=\"16\" src=\"https:\/\/static.xx.fbcdn.net\/images\/emoji.php\/v9\/t4f\/1\/16\/1f601.png\" alt=\"\ud83d\ude01\">.P\u0159in\u00e1\u0161\u00edme alespo\u0148 p\u00e1r fotografi\u00ed. <\/p>\n\n\n\n<h2 class=\"wp-block-heading\"><a href=\"https:\/\/zestebrno.cz\/?page_id=1995\" data-type=\"link\" data-id=\"https:\/\/zestebrno.cz\/?page_id=1995\">V\u00fdsledkov\u00e9 listiny zde <\/a><\/h2>\n\n\n\n<p><img loading=\"lazy\" decoding=\"async\" height=\"16\" width=\"16\" alt=\"\ud83d\udcf8\" src=\"https:\/\/static.xx.fbcdn.net\/images\/emoji.php\/v9\/tde\/1\/16\/1f4f8.png\"> Dagmar Petr\u00e1\u0161kov\u00e1<\/p>\n\n\n\n<figure class=\"wp-block-gallery has-nested-images columns-default is-cropped wp-block-gallery-1 is-layout-flex wp-block-gallery-is-layout-flex\">\n<figure class=\"wp-block-image size-large\"><img loading=\"lazy\" decoding=\"async\" width=\"1024\" height=\"575\" data-id=\"2002\" src=\"https:\/\/zestebrno.cz\/wp-content\/uploads\/2026\/05\/03-treti-den-1-1024x575.jpg\" alt=\"\" class=\"wp-image-2002\" srcset=\"https:\/\/zestebrno.cz\/wp-content\/uploads\/2026\/05\/03-treti-den-1-1024x575.jpg 1024w, https:\/\/zestebrno.cz\/wp-content\/uploads\/2026\/05\/03-treti-den-1-300x168.jpg 300w, https:\/\/zestebrno.cz\/wp-content\/uploads\/2026\/05\/03-treti-den-1-768x431.jpg 768w, https:\/\/zestebrno.cz\/wp-content\/uploads\/2026\/05\/03-treti-den-1-1536x863.jpg 1536w, https:\/\/zestebrno.cz\/wp-content\/uploads\/2026\/05\/03-treti-den-1-24x13.jpg 24w, https:\/\/zestebrno.cz\/wp-content\/uploads\/2026\/05\/03-treti-den-1-36x20.jpg 36w, https:\/\/zestebrno.cz\/wp-content\/uploads\/2026\/05\/03-treti-den-1-48x27.jpg 48w, https:\/\/zestebrno.cz\/wp-content\/uploads\/2026\/05\/03-treti-den-1.jpg 1542w\" sizes=\"auto, (max-width: 1024px) 100vw, 1024px\" \/><\/figure>\n\n\n\n<figure class=\"wp-block-image size-large\"><img loading=\"lazy\" decoding=\"async\" width=\"1024\" height=\"575\" data-id=\"2010\" src=\"https:\/\/zestebrno.cz\/wp-content\/uploads\/2026\/05\/03-treti-den-11-1024x575.jpg\" alt=\"\" class=\"wp-image-2010\" srcset=\"https:\/\/zestebrno.cz\/wp-content\/uploads\/2026\/05\/03-treti-den-11-1024x575.jpg 1024w, https:\/\/zestebrno.cz\/wp-content\/uploads\/2026\/05\/03-treti-den-11-300x168.jpg 300w, https:\/\/zestebrno.cz\/wp-content\/uploads\/2026\/05\/03-treti-den-11-768x431.jpg 768w, https:\/\/zestebrno.cz\/wp-content\/uploads\/2026\/05\/03-treti-den-11-1536x863.jpg 1536w, https:\/\/zestebrno.cz\/wp-content\/uploads\/2026\/05\/03-treti-den-11-24x13.jpg 24w, https:\/\/zestebrno.cz\/wp-content\/uploads\/2026\/05\/03-treti-den-11-36x20.jpg 36w, https:\/\/zestebrno.cz\/wp-content\/uploads\/2026\/05\/03-treti-den-11-48x27.jpg 48w, https:\/\/zestebrno.cz\/wp-content\/uploads\/2026\/05\/03-treti-den-11.jpg 1542w\" sizes=\"auto, (max-width: 1024px) 100vw, 1024px\" \/><\/figure>\n\n\n\n<figure class=\"wp-block-image size-large\"><img loading=\"lazy\" decoding=\"async\" width=\"1024\" height=\"575\" data-id=\"2001\" src=\"https:\/\/zestebrno.cz\/wp-content\/uploads\/2026\/05\/03-treti-den-3-1024x575.jpg\" alt=\"\" class=\"wp-image-2001\" srcset=\"https:\/\/zestebrno.cz\/wp-content\/uploads\/2026\/05\/03-treti-den-3-1024x575.jpg 1024w, https:\/\/zestebrno.cz\/wp-content\/uploads\/2026\/05\/03-treti-den-3-300x168.jpg 300w, https:\/\/zestebrno.cz\/wp-content\/uploads\/2026\/05\/03-treti-den-3-768x431.jpg 768w, https:\/\/zestebrno.cz\/wp-content\/uploads\/2026\/05\/03-treti-den-3-1536x863.jpg 1536w, https:\/\/zestebrno.cz\/wp-content\/uploads\/2026\/05\/03-treti-den-3-24x13.jpg 24w, https:\/\/zestebrno.cz\/wp-content\/uploads\/2026\/05\/03-treti-den-3-36x20.jpg 36w, https:\/\/zestebrno.cz\/wp-content\/uploads\/2026\/05\/03-treti-den-3-48x27.jpg 48w, https:\/\/zestebrno.cz\/wp-content\/uploads\/2026\/05\/03-treti-den-3.jpg 1542w\" sizes=\"auto, (max-width: 1024px) 100vw, 1024px\" \/><\/figure>\n\n\n\n<figure class=\"wp-block-image size-large\"><img loading=\"lazy\" decoding=\"async\" width=\"1024\" height=\"575\" data-id=\"2004\" src=\"https:\/\/zestebrno.cz\/wp-content\/uploads\/2026\/05\/03-treti-den-5-1024x575.jpg\" alt=\"\" class=\"wp-image-2004\" srcset=\"https:\/\/zestebrno.cz\/wp-content\/uploads\/2026\/05\/03-treti-den-5-1024x575.jpg 1024w, https:\/\/zestebrno.cz\/wp-content\/uploads\/2026\/05\/03-treti-den-5-300x168.jpg 300w, https:\/\/zestebrno.cz\/wp-content\/uploads\/2026\/05\/03-treti-den-5-768x431.jpg 768w, https:\/\/zestebrno.cz\/wp-content\/uploads\/2026\/05\/03-treti-den-5-1536x863.jpg 1536w, https:\/\/zestebrno.cz\/wp-content\/uploads\/2026\/05\/03-treti-den-5-24x13.jpg 24w, https:\/\/zestebrno.cz\/wp-content\/uploads\/2026\/05\/03-treti-den-5-36x20.jpg 36w, https:\/\/zestebrno.cz\/wp-content\/uploads\/2026\/05\/03-treti-den-5-48x27.jpg 48w, https:\/\/zestebrno.cz\/wp-content\/uploads\/2026\/05\/03-treti-den-5.jpg 1542w\" sizes=\"auto, (max-width: 1024px) 100vw, 1024px\" \/><\/figure>\n\n\n\n<figure class=\"wp-block-image size-large\"><img loading=\"lazy\" decoding=\"async\" width=\"1024\" height=\"575\" data-id=\"2008\" src=\"https:\/\/zestebrno.cz\/wp-content\/uploads\/2026\/05\/03-treti-den-6-1024x575.jpg\" alt=\"\" class=\"wp-image-2008\" srcset=\"https:\/\/zestebrno.cz\/wp-content\/uploads\/2026\/05\/03-treti-den-6-1024x575.jpg 1024w, https:\/\/zestebrno.cz\/wp-content\/uploads\/2026\/05\/03-treti-den-6-300x168.jpg 300w, https:\/\/zestebrno.cz\/wp-content\/uploads\/2026\/05\/03-treti-den-6-768x431.jpg 768w, https:\/\/zestebrno.cz\/wp-content\/uploads\/2026\/05\/03-treti-den-6-1536x863.jpg 1536w, https:\/\/zestebrno.cz\/wp-content\/uploads\/2026\/05\/03-treti-den-6-24x13.jpg 24w, https:\/\/zestebrno.cz\/wp-content\/uploads\/2026\/05\/03-treti-den-6-36x20.jpg 36w, https:\/\/zestebrno.cz\/wp-content\/uploads\/2026\/05\/03-treti-den-6-48x27.jpg 48w, https:\/\/zestebrno.cz\/wp-content\/uploads\/2026\/05\/03-treti-den-6.jpg 1542w\" sizes=\"auto, (max-width: 1024px) 100vw, 1024px\" \/><\/figure>\n\n\n\n<figure class=\"wp-block-image size-large\"><img loading=\"lazy\" decoding=\"async\" width=\"1024\" height=\"575\" data-id=\"2013\" src=\"https:\/\/zestebrno.cz\/wp-content\/uploads\/2026\/05\/03-treti-den-15-1024x575.jpg\" alt=\"\" class=\"wp-image-2013\" srcset=\"https:\/\/zestebrno.cz\/wp-content\/uploads\/2026\/05\/03-treti-den-15-1024x575.jpg 1024w, https:\/\/zestebrno.cz\/wp-content\/uploads\/2026\/05\/03-treti-den-15-300x168.jpg 300w, https:\/\/zestebrno.cz\/wp-content\/uploads\/2026\/05\/03-treti-den-15-768x431.jpg 768w, https:\/\/zestebrno.cz\/wp-content\/uploads\/2026\/05\/03-treti-den-15-1536x863.jpg 1536w, https:\/\/zestebrno.cz\/wp-content\/uploads\/2026\/05\/03-treti-den-15-24x13.jpg 24w, https:\/\/zestebrno.cz\/wp-content\/uploads\/2026\/05\/03-treti-den-15-36x20.jpg 36w, https:\/\/zestebrno.cz\/wp-content\/uploads\/2026\/05\/03-treti-den-15-48x27.jpg 48w, https:\/\/zestebrno.cz\/wp-content\/uploads\/2026\/05\/03-treti-den-15.jpg 1542w\" sizes=\"auto, (max-width: 1024px) 100vw, 1024px\" \/><\/figure>\n\n\n\n<figure class=\"wp-block-image size-large\"><img loading=\"lazy\" decoding=\"async\" width=\"1024\" height=\"575\" data-id=\"2009\" src=\"https:\/\/zestebrno.cz\/wp-content\/uploads\/2026\/05\/03-treti-den-12-1024x575.jpg\" alt=\"\" class=\"wp-image-2009\" srcset=\"https:\/\/zestebrno.cz\/wp-content\/uploads\/2026\/05\/03-treti-den-12-1024x575.jpg 1024w, https:\/\/zestebrno.cz\/wp-content\/uploads\/2026\/05\/03-treti-den-12-300x168.jpg 300w, https:\/\/zestebrno.cz\/wp-content\/uploads\/2026\/05\/03-treti-den-12-768x431.jpg 768w, https:\/\/zestebrno.cz\/wp-content\/uploads\/2026\/05\/03-treti-den-12-1536x863.jpg 1536w, https:\/\/zestebrno.cz\/wp-content\/uploads\/2026\/05\/03-treti-den-12-24x13.jpg 24w, https:\/\/zestebrno.cz\/wp-content\/uploads\/2026\/05\/03-treti-den-12-36x20.jpg 36w, https:\/\/zestebrno.cz\/wp-content\/uploads\/2026\/05\/03-treti-den-12-48x27.jpg 48w, https:\/\/zestebrno.cz\/wp-content\/uploads\/2026\/05\/03-treti-den-12.jpg 1542w\" sizes=\"auto, (max-width: 1024px) 100vw, 1024px\" \/><\/figure>\n\n\n\n<figure class=\"wp-block-image size-large\"><img loading=\"lazy\" decoding=\"async\" width=\"1024\" height=\"575\" data-id=\"2006\" src=\"https:\/\/zestebrno.cz\/wp-content\/uploads\/2026\/05\/03-treti-den-9-1024x575.jpg\" alt=\"\" class=\"wp-image-2006\" srcset=\"https:\/\/zestebrno.cz\/wp-content\/uploads\/2026\/05\/03-treti-den-9-1024x575.jpg 1024w, https:\/\/zestebrno.cz\/wp-content\/uploads\/2026\/05\/03-treti-den-9-300x168.jpg 300w, https:\/\/zestebrno.cz\/wp-content\/uploads\/2026\/05\/03-treti-den-9-768x431.jpg 768w, https:\/\/zestebrno.cz\/wp-content\/uploads\/2026\/05\/03-treti-den-9-1536x863.jpg 1536w, https:\/\/zestebrno.cz\/wp-content\/uploads\/2026\/05\/03-treti-den-9-24x13.jpg 24w, https:\/\/zestebrno.cz\/wp-content\/uploads\/2026\/05\/03-treti-den-9-36x20.jpg 36w, https:\/\/zestebrno.cz\/wp-content\/uploads\/2026\/05\/03-treti-den-9-48x27.jpg 48w, https:\/\/zestebrno.cz\/wp-content\/uploads\/2026\/05\/03-treti-den-9.jpg 1542w\" sizes=\"auto, (max-width: 1024px) 100vw, 1024px\" \/><\/figure>\n\n\n\n<figure class=\"wp-block-image size-large\"><img loading=\"lazy\" decoding=\"async\" width=\"1024\" height=\"575\" data-id=\"2005\" src=\"https:\/\/zestebrno.cz\/wp-content\/uploads\/2026\/05\/03-treti-den-8-1024x575.jpg\" alt=\"\" class=\"wp-image-2005\" srcset=\"https:\/\/zestebrno.cz\/wp-content\/uploads\/2026\/05\/03-treti-den-8-1024x575.jpg 1024w, https:\/\/zestebrno.cz\/wp-content\/uploads\/2026\/05\/03-treti-den-8-300x168.jpg 300w, https:\/\/zestebrno.cz\/wp-content\/uploads\/2026\/05\/03-treti-den-8-768x431.jpg 768w, https:\/\/zestebrno.cz\/wp-content\/uploads\/2026\/05\/03-treti-den-8-1536x863.jpg 1536w, https:\/\/zestebrno.cz\/wp-content\/uploads\/2026\/05\/03-treti-den-8-24x13.jpg 24w, https:\/\/zestebrno.cz\/wp-content\/uploads\/2026\/05\/03-treti-den-8-36x20.jpg 36w, https:\/\/zestebrno.cz\/wp-content\/uploads\/2026\/05\/03-treti-den-8-48x27.jpg 48w, https:\/\/zestebrno.cz\/wp-content\/uploads\/2026\/05\/03-treti-den-8.jpg 1542w\" sizes=\"auto, (max-width: 1024px) 100vw, 1024px\" \/><\/figure>\n\n\n\n<figure class=\"wp-block-image size-large\"><img loading=\"lazy\" decoding=\"async\" width=\"1024\" height=\"575\" data-id=\"2011\" src=\"https:\/\/zestebrno.cz\/wp-content\/uploads\/2026\/05\/03-treti-den-13-1024x575.jpg\" alt=\"\" class=\"wp-image-2011\" srcset=\"https:\/\/zestebrno.cz\/wp-content\/uploads\/2026\/05\/03-treti-den-13-1024x575.jpg 1024w, https:\/\/zestebrno.cz\/wp-content\/uploads\/2026\/05\/03-treti-den-13-300x168.jpg 300w, https:\/\/zestebrno.cz\/wp-content\/uploads\/2026\/05\/03-treti-den-13-768x431.jpg 768w, https:\/\/zestebrno.cz\/wp-content\/uploads\/2026\/05\/03-treti-den-13-1536x863.jpg 1536w, https:\/\/zestebrno.cz\/wp-content\/uploads\/2026\/05\/03-treti-den-13-24x13.jpg 24w, https:\/\/zestebrno.cz\/wp-content\/uploads\/2026\/05\/03-treti-den-13-36x20.jpg 36w, https:\/\/zestebrno.cz\/wp-content\/uploads\/2026\/05\/03-treti-den-13-48x27.jpg 48w, https:\/\/zestebrno.cz\/wp-content\/uploads\/2026\/05\/03-treti-den-13.jpg 1542w\" sizes=\"auto, (max-width: 1024px) 100vw, 1024px\" \/><\/figure>\n\n\n\n<figure class=\"wp-block-image size-large\"><img loading=\"lazy\" decoding=\"async\" width=\"1024\" height=\"575\" data-id=\"2012\" src=\"https:\/\/zestebrno.cz\/wp-content\/uploads\/2026\/05\/03-treti-den-14-1024x575.jpg\" alt=\"\" class=\"wp-image-2012\" srcset=\"https:\/\/zestebrno.cz\/wp-content\/uploads\/2026\/05\/03-treti-den-14-1024x575.jpg 1024w, https:\/\/zestebrno.cz\/wp-content\/uploads\/2026\/05\/03-treti-den-14-300x168.jpg 300w, https:\/\/zestebrno.cz\/wp-content\/uploads\/2026\/05\/03-treti-den-14-768x431.jpg 768w, https:\/\/zestebrno.cz\/wp-content\/uploads\/2026\/05\/03-treti-den-14-1536x863.jpg 1536w, https:\/\/zestebrno.cz\/wp-content\/uploads\/2026\/05\/03-treti-den-14-24x13.jpg 24w, https:\/\/zestebrno.cz\/wp-content\/uploads\/2026\/05\/03-treti-den-14-36x20.jpg 36w, https:\/\/zestebrno.cz\/wp-content\/uploads\/2026\/05\/03-treti-den-14-48x27.jpg 48w, https:\/\/zestebrno.cz\/wp-content\/uploads\/2026\/05\/03-treti-den-14.jpg 1542w\" sizes=\"auto, (max-width: 1024px) 100vw, 1024px\" \/><\/figure>\n\n\n\n<figure class=\"wp-block-image size-large\"><img loading=\"lazy\" decoding=\"async\" width=\"1024\" height=\"575\" data-id=\"2007\" src=\"https:\/\/zestebrno.cz\/wp-content\/uploads\/2026\/05\/03-treti-den-10-1024x575.jpg\" alt=\"\" class=\"wp-image-2007\" srcset=\"https:\/\/zestebrno.cz\/wp-content\/uploads\/2026\/05\/03-treti-den-10-1024x575.jpg 1024w, https:\/\/zestebrno.cz\/wp-content\/uploads\/2026\/05\/03-treti-den-10-300x168.jpg 300w, https:\/\/zestebrno.cz\/wp-content\/uploads\/2026\/05\/03-treti-den-10-768x431.jpg 768w, https:\/\/zestebrno.cz\/wp-content\/uploads\/2026\/05\/03-treti-den-10-1536x863.jpg 1536w, https:\/\/zestebrno.cz\/wp-content\/uploads\/2026\/05\/03-treti-den-10-24x13.jpg 24w, https:\/\/zestebrno.cz\/wp-content\/uploads\/2026\/05\/03-treti-den-10-36x20.jpg 36w, https:\/\/zestebrno.cz\/wp-content\/uploads\/2026\/05\/03-treti-den-10-48x27.jpg 48w, https:\/\/zestebrno.cz\/wp-content\/uploads\/2026\/05\/03-treti-den-10.jpg 1542w\" sizes=\"auto, (max-width: 1024px) 100vw, 1024px\" \/><\/figure>\n<\/figure>\n","protected":false},"excerpt":{"rendered":"<p>V p\u00e1tek sout\u011b\u017eilo naplno u\u017e v\u0161ech 5 sout\u011b\u017en\u00edch obor\u016f. Konzervato\u0159 Brno praskala ve \u0161vech .P\u0159in\u00e1\u0161\u00edme alespo\u0148 p\u00e1r fotografi\u00ed. V\u00fdsledkov\u00e9 listiny zde Dagmar Petr\u00e1\u0161kov\u00e1<\/p>\n","protected":false},"author":1,"featured_media":0,"comment_status":"closed","ping_status":"closed","sticky":false,"template":"","format":"standard","meta":{"footnotes":""},"categories":[1],"tags":[],"class_list":["post-2000","post","type-post","status-publish","format-standard","hentry","category-nezarazene"],"_links":{"self":[{"href":"https:\/\/zestebrno.cz\/index.php?rest_route=\/wp\/v2\/posts\/2000","targetHints":{"allow":["GET"]}}],"collection":[{"href":"https:\/\/zestebrno.cz\/index.php?rest_route=\/wp\/v2\/posts"}],"about":[{"href":"https:\/\/zestebrno.cz\/index.php?rest_route=\/wp\/v2\/types\/post"}],"author":[{"embeddable":true,"href":"https:\/\/zestebrno.cz\/index.php?rest_route=\/wp\/v2\/users\/1"}],"replies":[{"embeddable":true,"href":"https:\/\/zestebrno.cz\/index.php?rest_route=%2Fwp%2Fv2%2Fcomments&post=2000"}],"version-history":[{"count":3,"href":"https:\/\/zestebrno.cz\/index.php?rest_route=\/wp\/v2\/posts\/2000\/revisions"}],"predecessor-version":[{"id":2018,"href":"https:\/\/zestebrno.cz\/index.php?rest_route=\/wp\/v2\/posts\/2000\/revisions\/2018"}],"wp:attachment":[{"href":"https:\/\/zestebrno.cz\/index.php?rest_route=%2Fwp%2Fv2%2Fmedia&parent=2000"}],"wp:term":[{"taxonomy":"category","embeddable":true,"href":"https:\/\/zestebrno.cz\/index.php?rest_route=%2Fwp%2Fv2%2Fcategories&post=2000"},{"taxonomy":"post_tag","embeddable":true,"href":"https:\/\/zestebrno.cz\/index.php?rest_route=%2Fwp%2Fv2%2Ftags&post=2000"}],"curies":[{"name":"wp","href":"https:\/\/api.w.org\/{rel}","templated":true}]}}